{"id":37809,"date":"2026-02-05T11:15:15","date_gmt":"2026-02-05T10:15:15","guid":{"rendered":"https:\/\/www.rendezvenydj.com\/nicht-kategorisiert\/detti-david-nagy-napja\/"},"modified":"2026-04-08T21:27:45","modified_gmt":"2026-04-08T19:27:45","slug":"detti-und-davids-grober-tag","status":"publish","type":"post","link":"https:\/\/www.rendezvenydj.com\/de\/referenzen\/detti-und-davids-grober-tag\/","title":{"rendered":"Detti und Davids grober Tag"},"content":{"rendered":"<section class=\"no-padding sm-no-padding xs-no-padding no-margin sm-no-margin xs-no-margin\"><div class=\"container\"><div class=\"row\"><div class=\"wpb_column hcode-column-container  col-xs-mobile-fullwidth\" data-front-class=\"col-xs-mobile-fullwidth front-column-class\"><div class=\"vc-column-innner-wrapper\"><p style=\"text-align: justify;\"><span style=\"font-size: 12pt;\">Anfang Juli heirateten unsere lieben Freunde Detti &amp; D\u00e1vid. Es war mir eine gro\u00dfe Ehre, dass sie mich f\u00fcr die musikalische Gestaltung ihres gro\u00dfen Tages in Betracht zogen. Als Freunde luden sie mich auch zu ihrer kirchlichen Zeremonie ein, die wirklich wundersch\u00f6n war. <\/span><br \/>\n<span style=\"font-size: 12pt;\">Sie w\u00e4hlten den Seybold-Garab Weinkeller als Hochzeitsort. Die Location war super, zusammen mit der Dekoration, ganz zu schweigen von den wunderbaren Geschm\u00e4ckern! W\u00e4hrend des Abendessens sorgte ich f\u00fcr Hintergrundmusik, die eine angenehme Einstimmung auf den Rest des Abends war. Nach Detti &amp; D\u00e1vids gro\u00dfartigem Er\u00f6ffnungstanz spielte die Party die Hauptrolle! In der Nacht gab es neben Retro-Hits auch echte R&amp;B-Songs zum Mittanzen. Die Nacht war in sehr guter Stimmung, und ich gesellte mich sogar f\u00fcr ein paar halbe Lieder zu den Hardcore-Leuten, die bis zum Morgengrauen feierten, um ein wenig zu tanzen. <\/span><br \/>\n<span style=\"font-size: 12pt;\">Vielen Dank, dass wir diesen besonderen Tag mit euch feiern durften und wir ein wenig dazu beitragen konnten, dass eure Hochzeit eine wundersch\u00f6ne und unvergessliche Erinnerung f\u00fcr euch wird!<\/span><br \/>\n<span style=\"font-size: 12pt;\">Ganz viel Gl\u00fcck und viele, viele fr\u00f6hliche Jahre f\u00fcr euch!<\/span><\/p>\n<blockquote class=\" blog-image\" style=\" background: none repeat scroll 0 0 #ff0078;color: #ffffff;\"><p class=\"\"><span style=\"color: #ffffff;\">Ich kann nur Gutes \u00fcber Feri schreiben! <span class=\"_47e3 _5mfr\" title=\"smile-Emoji\"><img decoding=\"async\" class=\"img\" src=\"https:\/\/www.facebook.com\/images\/emoji.php\/v9\/f4c\/1\/16\/1f642.png\" alt=\"\" width=\"16\" height=\"16\" title=\"\"><span class=\"_7oe\">\ud83d\ude42<\/span><\/span> Er zauberte eine perfekte Hochzeitsstimmung, h\u00f6rte sich unsere Vorstellungen an und gab uns dann tolle Ideen, die die ganze Hochzeitsstimmung noch besser machten. Super DJ, super Mensch und super Freund! <\/span>\r\n<span style=\"color: #ffffff;\"> Vielen Dank nochmals f\u00fcr alles! <span class=\"_47e3 _5mfr\" title=\"Herz-Emoji\"><img decoding=\"async\" class=\"img\" src=\"https:\/\/www.facebook.com\/images\/emoji.php\/v9\/f6c\/1\/16\/2764.png\" alt=\"\" width=\"16\" height=\"16\" title=\"\"><span class=\"_7oe\">&lt;3<\/span><\/span><\/span>\r\n<span style=\"color: #ffffff;\"> Ich m\u00f6chte hinzuf\u00fcgen, dass ich bereits auf mehreren Partys von Feri war und auch dort alles tadellos war!<\/span><\/p><footer style=\"color: #ffffff;\" class=\"\">Detti &amp; D\u00e1vid<\/footer><\/blockquote><div id='gallery-1' class='fastgallery fg_style1  '> <div data-img=\"https:\/\/www.rendezvenydj.com\/wp-content\/uploads\/2017\/09\/IMG_8996-1024x698.jpg\"> <\/div><div data-img=\"https:\/\/www.rendezvenydj.com\/wp-content\/uploads\/2017\/09\/IMG_8991-1024x683.jpg\"> <\/div><div data-img=\"https:\/\/www.rendezvenydj.com\/wp-content\/uploads\/2017\/09\/IMG_8992-1024x682.jpg\"> <\/div><div data-img=\"https:\/\/www.rendezvenydj.com\/wp-content\/uploads\/2017\/09\/IMG_8993-768x1024.jpg\"> <\/div><div data-img=\"https:\/\/www.rendezvenydj.com\/wp-content\/uploads\/2017\/09\/IMG_8994.jpg\"> <\/div><div data-img=\"https:\/\/www.rendezvenydj.com\/wp-content\/uploads\/2017\/09\/IMG_8997-1024x683.jpg\"> <\/div><div data-img=\"https:\/\/www.rendezvenydj.com\/wp-content\/uploads\/2017\/09\/IMG_8998.jpg\"> <\/div><div data-img=\"https:\/\/www.rendezvenydj.com\/wp-content\/uploads\/2017\/09\/IMG_8999-683x1024.jpg\"> <\/div><div data-img=\"https:\/\/www.rendezvenydj.com\/wp-content\/uploads\/2017\/09\/IMG_9001-1024x682.jpg\"> <\/div><div style=\"clear:both\"><\/div><\/div><div id=\"wpdevar_comment_1\" style=\"visibility:hidden;width:100%;background-color:#d4d4d4; text-align:left;\">\r\n\t\t<span style=\"padding: 10px;font-size:18px;font-family:monospace;color:#000000;\">V\u00e9lem\u00e9nyek<\/span>\r\n\t\t<div class=\"fb-comments\"  data-href=\"http:\/\/www.rendezvenydj.com\/de\/umfrage\/\" data-order-by=\"social\" data-numposts=\"1\" data-width=\"100%\" style=\"display:block; background-color:#d4d4d4;\"><\/div><\/div><script>\t\r\n\t\tjQuery(document).ready(function(){\r\n\t\t\t\twpdevart_comment_animated_element(\"pulse\",\"wpdevar_comment_1\");\r\n\t\t\t\tjQuery(window).scroll(function(){\r\n\t\t\t\t\twpdevart_comment_animated_element(\"fadeInDownBig\",\"wpdevar_comment_1\");\r\n\t\t\t\t})});<\/script><style>#wpdevar_comment_1 span,#wpdevar_comment_1 iframe{width:100% !important;} #wpdevar_comment_1 iframe{max-height: 100% !important;}<\/style><style>#wpdevar_comment_1 > div > span,#wpdevar_comment_1 > div,#wpdevar_comment_1 > div > span > iframe{background:inherit !important;}<\/style>\n<\/div><\/div><\/div><\/div><\/section><section><div class=\"container\"><div class=\"row\"><div class=\"wpb_column hcode-column-container vc_col-sm-12 col-xs-mobile-fullwidth\" data-front-class=\"col-xs-mobile-fullwidth\"><div class=\"vc-column-innner-wrapper\"><\/div><\/div><\/div><\/div><\/section>","protected":false},"excerpt":{"rendered":"<p>Anfang Juli heirateten unsere lieben Freunde Detti &amp; D\u00e1vid. Es war mir eine gro\u00dfe Ehre, dass sie mich f\u00fcr die musikalische Gestaltung ihres gro\u00dfen Tages in Betracht zogen. Als Freunde luden sie mich auch zu ihrer kirchlichen Zeremonie ein, die wirklich wundersch\u00f6n war. Sie w\u00e4hlten den Seybold-Garab Weinkeller als Hochzeitsort. Die Location war super, zusammen [&hellip;]<\/p>\n","protected":false},"author":2,"featured_media":37571,"comment_status":"closed","ping_status":"open","sticky":false,"template":"","format":"video","meta":{"rank_math_focus_keyword":"Hochzeit Detti David","rank_math_title":"Detti und Davids Hochzeit \u2013 DJ Feree Referenz","rank_math_description":"Detti und Davids gro\u00dfer Tag mit DJ Feree \u2013 Hochzeitsparty Referenz.","hcode_layout_settings_single":"hcode_layout_right_sidebar","hcode_layout_right_sidebar_single":"hcode-post-right-sidebar","hcode_layout_left_sidebar_single":"default","hcode_enable_container_fluid_single":"default","footnotes":""},"categories":[417],"tags":[409,416],"class_list":["post-37809","post","type-post","status-publish","format-video","has-post-thumbnail","hentry","category-referenzen","tag-hochzeits-dj","tag-polgari-szertartas","post_format-post-format-video"],"_links":{"self":[{"href":"https:\/\/www.rendezvenydj.com\/de\/wp-json\/wp\/v2\/posts\/37809","targetHints":{"allow":["GET"]}}],"collection":[{"href":"https:\/\/www.rendezvenydj.com\/de\/wp-json\/wp\/v2\/posts"}],"about":[{"href":"https:\/\/www.rendezvenydj.com\/de\/wp-json\/wp\/v2\/types\/post"}],"author":[{"embeddable":true,"href":"https:\/\/www.rendezvenydj.com\/de\/wp-json\/wp\/v2\/users\/2"}],"replies":[{"embeddable":true,"href":"https:\/\/www.rendezvenydj.com\/de\/wp-json\/wp\/v2\/comments?post=37809"}],"version-history":[{"count":0,"href":"https:\/\/www.rendezvenydj.com\/de\/wp-json\/wp\/v2\/posts\/37809\/revisions"}],"wp:featuredmedia":[{"embeddable":true,"href":"https:\/\/www.rendezvenydj.com\/de\/wp-json\/wp\/v2\/media\/37571"}],"wp:attachment":[{"href":"https:\/\/www.rendezvenydj.com\/de\/wp-json\/wp\/v2\/media?parent=37809"}],"wp:term":[{"taxonomy":"category","embeddable":true,"href":"https:\/\/www.rendezvenydj.com\/de\/wp-json\/wp\/v2\/categories?post=37809"},{"taxonomy":"post_tag","embeddable":true,"href":"https:\/\/www.rendezvenydj.com\/de\/wp-json\/wp\/v2\/tags?post=37809"}],"curies":[{"name":"wp","href":"https:\/\/api.w.org\/{rel}","templated":true}]}}